{"id":3444,"date":"2017-05-02T07:37:03","date_gmt":"2017-05-02T05:37:03","guid":{"rendered":"https:\/\/econtribute.de\/reinhard-selten-memorial-conference\/"},"modified":"2022-02-14T12:17:21","modified_gmt":"2022-02-14T11:17:21","slug":"rsi-waehrend-reinhard-selten-gedenkkonferenz-eingeweiht","status":"publish","type":"post","link":"https:\/\/econtribute.de\/de\/rsi-waehrend-reinhard-selten-gedenkkonferenz-eingeweiht\/","title":{"rendered":"RSI w\u00e4hrend Reinhard-Selten-Gedenkkonferenz eingeweiht"},"content":{"rendered":"<div class=\"wpb-content-wrapper\"><p>[vc_row][vc_column][vc_column_text]Die Universit\u00e4ten Bonn und K\u00f6ln veranstalteten am 28. April 2017 in Bonn gemeinsam eine Gedenktagung zu Ehren des Nobelpreistr\u00e4gers Prof. Reinhard Selten (1930 &#8211; 2016).<\/p>\n<p>In W\u00fcrdigung Seltens herausragender Beitr\u00e4ge zur Volkswirtschaftslehre wurde das neu gegr\u00fcndete Reinhard-Selten-Institut (vormals Bonn-K\u00f6lner Forschungsinstitut f\u00fcr Volkswirtschaftslehre) von den Rektoren der Universit\u00e4ten Bonn (Prof. Michael Hoch) und K\u00f6ln (Prof. Axel Freimuth) eingeweiht.<\/p>\n<p class=\"big\">Prof. Ehud Kalai (Northwestern University Evanston), Prof. Yan Chen (University of Michigan), Prof. Manfred Milinski (Max-Planck-Institut f\u00fcr Evolutionsbiologie) und Prof. Ariel Rubinstein (Tel Aviv University) stellten Arbeiten vor, die mit Seltens Forschung in Verbindung stehen oder von ihr inspiriert sind. Die Konferenz wurde von 160 internationalen Teilnehmern sehr gut angenommen.<\/p>\n<p>[\/vc_column_text][vc_empty_space height=&#8220;40px&#8220; mobile_height=&#8220;20px&#8220;][\/vc_column][\/vc_row][vc_row][vc_column][dhsv_vc_image_slider slider=&#8220;%5B%7B%22image%22%3A%221950%22%2C%22caption%22%3A%22Die%20Rektoren%20beider%20Universit%C3%A4ten%20deklarieren%20die%20Gr%C3%BCndung%20des%20Reinhard%20Selten%20Institute%20(RSI).%20Copyright%3A%20Volker%20Lannert%20%2F%20Uni%20Bonn%22%7D%2C%7B%22image%22%3A%221951%22%2C%22caption%22%3A%22RSI%20Direktorin%20Prof.%20Bettina%20Rockenbach%20erkl%C3%A4rt%20die%20Mission%20des%20neu%20gegr%C3%BCndeten%20Instituts..%20Copyright%3A%20Volker%20Lannert%20%2F%20Uni%20Bonn%22%7D%2C%7B%22image%22%3A%221952%22%2C%22caption%22%3A%22RSI%20Direktor%20Prof.%20Benny%20Moldovanu%20betont%20die%20Wichtigkeit%20von%20Zusammenarbeit%20f%C3%BCr%20exzellente%20wirtschaftswissenschaftliche%20Forschung.%20Copyright%3A%20Volker%20Lannert%20%2F%20Uni%20Bonn%22%7D%2C%7B%22image%22%3A%221953%22%2C%22caption%22%3A%22Prof.%20Manfred%20Milinski%20pr%C3%A4sentiert%20seine%20Forschungsergebnisse%20%E2%80%9CExtortion%20induces%20Cooperation%20in%20the%20Climate%20Change%20Game%E2%80%9D.%20Copyright%3A%20Volker%20Lannert%20%2F%20Uni%20Bonn%22%7D%2C%7B%22image%22%3A%221954%22%2C%22caption%22%3A%22Die%20Studie%20%E2%80%9CEquilibrium%20with%20Multi-Dimensional%20Reasoning%E2%80%9D%20wird%20pr%C3%A4sentiert%20von%20Prof.%20Ariel%20Rubinstein%2C%20professor%20of%20economics%20at%20the%20University%20of%20Tel%20Aviv.%20Copyright%3A%20Volker%20Lannert%20%2F%20Uni%20Bonn%22%7D%2C%7B%22image%22%3A%221955%22%2C%22caption%22%3A%22Nach%20seiner%20Rede%20%C3%BCber%20%E2%80%9CRecommending%20Teams%20promotes%20prosocial%20Lending%20in%20Online%20Microfinance%E2%80%9D%2C%20beantwortet%20Prof.%20Yan%20Chen%20die%20Fragen%20interessierter%20Teilnehmender.%20Copyright%3A%20Volker%20Lannert%20%2F%20Uni%20Bonn%22%7D%2C%7B%22image%22%3A%221956%22%2C%22caption%22%3A%22Prof.%20Ehud%20Kalai%20gibt%20nach%20seiner%20Rede%20zu%20%E2%80%9CLarge%20Dynamic%20Interaction%E2%80%9D%20mehr%20Informationen.%20Copyright%3A%20Volker%20Lannert%20%2F%20Uni%20Bonn%22%7D%2C%7B%22image%22%3A%221957%22%2C%22caption%22%3A%22Die%20Konferenz%20wurde%20von%20Nachwuchswissenschaftler*innen%20Forschungsinstitutionen%20besucht%20und%20kam%20gut%20an.%20Copyright%3A%20Volker%20Lannert%20%2F%20Uni%20Bonn%22%7D%5D&#8220;][\/vc_column][\/vc_row]<\/p>\n<\/div>","protected":false},"excerpt":{"rendered":"<p>[vc_row][vc_column][vc_column_text]Die Universit\u00e4ten Bonn und K\u00f6ln veranstalteten am 28. April 2017 in Bonn gemeinsam eine Gedenktagung zu Ehren des Nobelpreistr\u00e4gers Prof. Reinhard Selten (1930 &#8211; 2016). In W\u00fcrdigung Seltens herausragender Beitr\u00e4ge zur Volkswirtschaftslehre wurde das neu gegr\u00fcndete Reinhard-Selten-Institut (vormals Bonn-K\u00f6lner Forschungsinstitut f\u00fcr Volkswirtschaftslehre) von den Rektoren der Universit\u00e4ten Bonn (Prof. Michael Hoch) und K\u00f6ln (Prof. Axel &hellip; <a href=\"https:\/\/econtribute.de\/de\/rsi-waehrend-reinhard-selten-gedenkkonferenz-eingeweiht\/\">Continued<\/a><\/p>\n","protected":false},"author":3,"featured_media":3445,"comment_status":"closed","ping_status":"closed","sticky":false,"template":"","format":"standard","meta":{"_acf_changed":false,"footnotes":""},"categories":[101],"tags":[],"class_list":["post-3444","post","type-post","status-publish","format-standard","has-post-thumbnail","hentry","category-press-release-de-2"],"acf":[],"yoast_head":"<!-- This site is optimized with the Yoast SEO plugin v28.3 - https:\/\/yoast.com\/product\/yoast-seo-wordpress\/ -->\n<title>RSI w\u00e4hrend Reinhard-Selten-Gedenkkonferenz eingeweiht - Econtribute<\/title>\n<meta name=\"robots\" content=\"index, follow, max-snippet:-1, max-image-preview:large, max-video-preview:-1\" \/>\n<link rel=\"canonical\" href=\"https:\/\/econtribute.de\/de\/rsi-waehrend-reinhard-selten-gedenkkonferenz-eingeweiht\/\" \/>\n<meta property=\"og:locale\" content=\"de_DE\" \/>\n<meta property=\"og:type\" content=\"article\" \/>\n<meta property=\"og:title\" content=\"RSI w\u00e4hrend Reinhard-Selten-Gedenkkonferenz eingeweiht - Econtribute\" \/>\n<meta property=\"og:description\" content=\"[vc_row][vc_column][vc_column_text]Die Universit\u00e4ten Bonn und K\u00f6ln veranstalteten am 28. April 2017 in Bonn gemeinsam eine Gedenktagung zu Ehren des Nobelpreistr\u00e4gers Prof. Reinhard Selten (1930 &#8211; 2016). In W\u00fcrdigung Seltens herausragender Beitr\u00e4ge zur Volkswirtschaftslehre wurde das neu gegr\u00fcndete Reinhard-Selten-Institut (vormals Bonn-K\u00f6lner Forschungsinstitut f\u00fcr Volkswirtschaftslehre) von den Rektoren der Universit\u00e4ten Bonn (Prof. Michael Hoch) und K\u00f6ln (Prof. Axel &hellip; Continued\" \/>\n<meta property=\"og:url\" content=\"https:\/\/econtribute.de\/de\/rsi-waehrend-reinhard-selten-gedenkkonferenz-eingeweiht\/\" \/>\n<meta property=\"og:site_name\" content=\"Econtribute\" \/>\n<meta property=\"article:published_time\" content=\"2017-05-02T05:37:03+00:00\" \/>\n<meta property=\"article:modified_time\" content=\"2022-02-14T11:17:21+00:00\" \/>\n<meta property=\"og:image\" content=\"https:\/\/econtribute.de\/wp-content\/uploads\/Selten-Conference-Audience.jpg\" \/>\n\t<meta property=\"og:image:width\" content=\"1000\" \/>\n\t<meta property=\"og:image:height\" content=\"500\" \/>\n\t<meta property=\"og:image:type\" content=\"image\/jpeg\" \/>\n<meta name=\"author\" content=\"eco001-d\" \/>\n<meta name=\"twitter:card\" content=\"summary_large_image\" \/>\n<meta name=\"twitter:label1\" content=\"Verfasst von\" \/>\n\t<meta name=\"twitter:data1\" content=\"eco001-d\" \/>\n\t<meta name=\"twitter:label2\" content=\"Gesch\u00e4tzte Lesezeit\" \/>\n\t<meta name=\"twitter:data2\" content=\"1\u00a0Minute\" \/>\n<script type=\"application\/ld+json\" class=\"yoast-schema-graph\">{\"@context\":\"https:\\\/\\\/schema.org\",\"@graph\":[{\"@type\":\"Article\",\"@id\":\"https:\\\/\\\/econtribute.de\\\/de\\\/rsi-waehrend-reinhard-selten-gedenkkonferenz-eingeweiht\\\/#article\",\"isPartOf\":{\"@id\":\"https:\\\/\\\/econtribute.de\\\/de\\\/rsi-waehrend-reinhard-selten-gedenkkonferenz-eingeweiht\\\/\"},\"author\":{\"name\":\"eco001-d\",\"@id\":\"https:\\\/\\\/econtribute.de\\\/de\\\/#\\\/schema\\\/person\\\/af8a263b2ef7cc339b3a97694e426870\"},\"headline\":\"RSI w\u00e4hrend Reinhard-Selten-Gedenkkonferenz eingeweiht\",\"datePublished\":\"2017-05-02T05:37:03+00:00\",\"dateModified\":\"2022-02-14T11:17:21+00:00\",\"mainEntityOfPage\":{\"@id\":\"https:\\\/\\\/econtribute.de\\\/de\\\/rsi-waehrend-reinhard-selten-gedenkkonferenz-eingeweiht\\\/\"},\"wordCount\":425,\"image\":{\"@id\":\"https:\\\/\\\/econtribute.de\\\/de\\\/rsi-waehrend-reinhard-selten-gedenkkonferenz-eingeweiht\\\/#primaryimage\"},\"thumbnailUrl\":\"https:\\\/\\\/econtribute.de\\\/wp-content\\\/uploads\\\/Selten-Conference-Audience.jpg\",\"articleSection\":[\"Pressemitteilungen\"],\"inLanguage\":\"de\"},{\"@type\":\"WebPage\",\"@id\":\"https:\\\/\\\/econtribute.de\\\/de\\\/rsi-waehrend-reinhard-selten-gedenkkonferenz-eingeweiht\\\/\",\"url\":\"https:\\\/\\\/econtribute.de\\\/de\\\/rsi-waehrend-reinhard-selten-gedenkkonferenz-eingeweiht\\\/\",\"name\":\"RSI w\u00e4hrend Reinhard-Selten-Gedenkkonferenz eingeweiht - Econtribute\",\"isPartOf\":{\"@id\":\"https:\\\/\\\/econtribute.de\\\/de\\\/#website\"},\"primaryImageOfPage\":{\"@id\":\"https:\\\/\\\/econtribute.de\\\/de\\\/rsi-waehrend-reinhard-selten-gedenkkonferenz-eingeweiht\\\/#primaryimage\"},\"image\":{\"@id\":\"https:\\\/\\\/econtribute.de\\\/de\\\/rsi-waehrend-reinhard-selten-gedenkkonferenz-eingeweiht\\\/#primaryimage\"},\"thumbnailUrl\":\"https:\\\/\\\/econtribute.de\\\/wp-content\\\/uploads\\\/Selten-Conference-Audience.jpg\",\"datePublished\":\"2017-05-02T05:37:03+00:00\",\"dateModified\":\"2022-02-14T11:17:21+00:00\",\"author\":{\"@id\":\"https:\\\/\\\/econtribute.de\\\/de\\\/#\\\/schema\\\/person\\\/af8a263b2ef7cc339b3a97694e426870\"},\"breadcrumb\":{\"@id\":\"https:\\\/\\\/econtribute.de\\\/de\\\/rsi-waehrend-reinhard-selten-gedenkkonferenz-eingeweiht\\\/#breadcrumb\"},\"inLanguage\":\"de\",\"potentialAction\":[{\"@type\":\"ReadAction\",\"target\":[\"https:\\\/\\\/econtribute.de\\\/de\\\/rsi-waehrend-reinhard-selten-gedenkkonferenz-eingeweiht\\\/\"]}]},{\"@type\":\"ImageObject\",\"inLanguage\":\"de\",\"@id\":\"https:\\\/\\\/econtribute.de\\\/de\\\/rsi-waehrend-reinhard-selten-gedenkkonferenz-eingeweiht\\\/#primaryimage\",\"url\":\"https:\\\/\\\/econtribute.de\\\/wp-content\\\/uploads\\\/Selten-Conference-Audience.jpg\",\"contentUrl\":\"https:\\\/\\\/econtribute.de\\\/wp-content\\\/uploads\\\/Selten-Conference-Audience.jpg\",\"width\":1000,\"height\":500,\"caption\":\"Reinhard Selten Memorial Conference\"},{\"@type\":\"BreadcrumbList\",\"@id\":\"https:\\\/\\\/econtribute.de\\\/de\\\/rsi-waehrend-reinhard-selten-gedenkkonferenz-eingeweiht\\\/#breadcrumb\",\"itemListElement\":[{\"@type\":\"ListItem\",\"position\":1,\"name\":\"Home\",\"item\":\"https:\\\/\\\/econtribute.de\\\/de\\\/\"},{\"@type\":\"ListItem\",\"position\":2,\"name\":\"RSI w\u00e4hrend Reinhard-Selten-Gedenkkonferenz eingeweiht\"}]},{\"@type\":\"WebSite\",\"@id\":\"https:\\\/\\\/econtribute.de\\\/de\\\/#website\",\"url\":\"https:\\\/\\\/econtribute.de\\\/de\\\/\",\"name\":\"Econtribute\",\"description\":\"\",\"potentialAction\":[{\"@type\":\"SearchAction\",\"target\":{\"@type\":\"EntryPoint\",\"urlTemplate\":\"https:\\\/\\\/econtribute.de\\\/de\\\/?s={search_term_string}\"},\"query-input\":{\"@type\":\"PropertyValueSpecification\",\"valueRequired\":true,\"valueName\":\"search_term_string\"}}],\"inLanguage\":\"de\"},{\"@type\":\"Person\",\"@id\":\"https:\\\/\\\/econtribute.de\\\/de\\\/#\\\/schema\\\/person\\\/af8a263b2ef7cc339b3a97694e426870\",\"name\":\"eco001-d\",\"image\":{\"@type\":\"ImageObject\",\"inLanguage\":\"de\",\"@id\":\"https:\\\/\\\/secure.gravatar.com\\\/avatar\\\/ce30d729812cc410f41395f4b4c19febbdc1fbad2d9801a5643f7173e0a600cf?s=96&d=mm&r=g\",\"url\":\"https:\\\/\\\/secure.gravatar.com\\\/avatar\\\/ce30d729812cc410f41395f4b4c19febbdc1fbad2d9801a5643f7173e0a600cf?s=96&d=mm&r=g\",\"contentUrl\":\"https:\\\/\\\/secure.gravatar.com\\\/avatar\\\/ce30d729812cc410f41395f4b4c19febbdc1fbad2d9801a5643f7173e0a600cf?s=96&d=mm&r=g\",\"caption\":\"eco001-d\"}}]}<\/script>\n<!-- \/ Yoast SEO plugin. -->","yoast_head_json":{"title":"RSI w\u00e4hrend Reinhard-Selten-Gedenkkonferenz eingeweiht - Econtribute","robots":{"index":"index","follow":"follow","max-snippet":"max-snippet:-1","max-image-preview":"max-image-preview:large","max-video-preview":"max-video-preview:-1"},"canonical":"https:\/\/econtribute.de\/de\/rsi-waehrend-reinhard-selten-gedenkkonferenz-eingeweiht\/","og_locale":"de_DE","og_type":"article","og_title":"RSI w\u00e4hrend Reinhard-Selten-Gedenkkonferenz eingeweiht - Econtribute","og_description":"[vc_row][vc_column][vc_column_text]Die Universit\u00e4ten Bonn und K\u00f6ln veranstalteten am 28. April 2017 in Bonn gemeinsam eine Gedenktagung zu Ehren des Nobelpreistr\u00e4gers Prof. Reinhard Selten (1930 &#8211; 2016). In W\u00fcrdigung Seltens herausragender Beitr\u00e4ge zur Volkswirtschaftslehre wurde das neu gegr\u00fcndete Reinhard-Selten-Institut (vormals Bonn-K\u00f6lner Forschungsinstitut f\u00fcr Volkswirtschaftslehre) von den Rektoren der Universit\u00e4ten Bonn (Prof. Michael Hoch) und K\u00f6ln (Prof. Axel &hellip; Continued","og_url":"https:\/\/econtribute.de\/de\/rsi-waehrend-reinhard-selten-gedenkkonferenz-eingeweiht\/","og_site_name":"Econtribute","article_published_time":"2017-05-02T05:37:03+00:00","article_modified_time":"2022-02-14T11:17:21+00:00","og_image":[{"width":1000,"height":500,"url":"https:\/\/econtribute.de\/wp-content\/uploads\/Selten-Conference-Audience.jpg","type":"image\/jpeg"}],"author":"eco001-d","twitter_card":"summary_large_image","twitter_misc":{"Verfasst von":"eco001-d","Gesch\u00e4tzte Lesezeit":"1\u00a0Minute"},"schema":{"@context":"https:\/\/schema.org","@graph":[{"@type":"Article","@id":"https:\/\/econtribute.de\/de\/rsi-waehrend-reinhard-selten-gedenkkonferenz-eingeweiht\/#article","isPartOf":{"@id":"https:\/\/econtribute.de\/de\/rsi-waehrend-reinhard-selten-gedenkkonferenz-eingeweiht\/"},"author":{"name":"eco001-d","@id":"https:\/\/econtribute.de\/de\/#\/schema\/person\/af8a263b2ef7cc339b3a97694e426870"},"headline":"RSI w\u00e4hrend Reinhard-Selten-Gedenkkonferenz eingeweiht","datePublished":"2017-05-02T05:37:03+00:00","dateModified":"2022-02-14T11:17:21+00:00","mainEntityOfPage":{"@id":"https:\/\/econtribute.de\/de\/rsi-waehrend-reinhard-selten-gedenkkonferenz-eingeweiht\/"},"wordCount":425,"image":{"@id":"https:\/\/econtribute.de\/de\/rsi-waehrend-reinhard-selten-gedenkkonferenz-eingeweiht\/#primaryimage"},"thumbnailUrl":"https:\/\/econtribute.de\/wp-content\/uploads\/Selten-Conference-Audience.jpg","articleSection":["Pressemitteilungen"],"inLanguage":"de"},{"@type":"WebPage","@id":"https:\/\/econtribute.de\/de\/rsi-waehrend-reinhard-selten-gedenkkonferenz-eingeweiht\/","url":"https:\/\/econtribute.de\/de\/rsi-waehrend-reinhard-selten-gedenkkonferenz-eingeweiht\/","name":"RSI w\u00e4hrend Reinhard-Selten-Gedenkkonferenz eingeweiht - Econtribute","isPartOf":{"@id":"https:\/\/econtribute.de\/de\/#website"},"primaryImageOfPage":{"@id":"https:\/\/econtribute.de\/de\/rsi-waehrend-reinhard-selten-gedenkkonferenz-eingeweiht\/#primaryimage"},"image":{"@id":"https:\/\/econtribute.de\/de\/rsi-waehrend-reinhard-selten-gedenkkonferenz-eingeweiht\/#primaryimage"},"thumbnailUrl":"https:\/\/econtribute.de\/wp-content\/uploads\/Selten-Conference-Audience.jpg","datePublished":"2017-05-02T05:37:03+00:00","dateModified":"2022-02-14T11:17:21+00:00","author":{"@id":"https:\/\/econtribute.de\/de\/#\/schema\/person\/af8a263b2ef7cc339b3a97694e426870"},"breadcrumb":{"@id":"https:\/\/econtribute.de\/de\/rsi-waehrend-reinhard-selten-gedenkkonferenz-eingeweiht\/#breadcrumb"},"inLanguage":"de","potentialAction":[{"@type":"ReadAction","target":["https:\/\/econtribute.de\/de\/rsi-waehrend-reinhard-selten-gedenkkonferenz-eingeweiht\/"]}]},{"@type":"ImageObject","inLanguage":"de","@id":"https:\/\/econtribute.de\/de\/rsi-waehrend-reinhard-selten-gedenkkonferenz-eingeweiht\/#primaryimage","url":"https:\/\/econtribute.de\/wp-content\/uploads\/Selten-Conference-Audience.jpg","contentUrl":"https:\/\/econtribute.de\/wp-content\/uploads\/Selten-Conference-Audience.jpg","width":1000,"height":500,"caption":"Reinhard Selten Memorial Conference"},{"@type":"BreadcrumbList","@id":"https:\/\/econtribute.de\/de\/rsi-waehrend-reinhard-selten-gedenkkonferenz-eingeweiht\/#breadcrumb","itemListElement":[{"@type":"ListItem","position":1,"name":"Home","item":"https:\/\/econtribute.de\/de\/"},{"@type":"ListItem","position":2,"name":"RSI w\u00e4hrend Reinhard-Selten-Gedenkkonferenz eingeweiht"}]},{"@type":"WebSite","@id":"https:\/\/econtribute.de\/de\/#website","url":"https:\/\/econtribute.de\/de\/","name":"Econtribute","description":"","potentialAction":[{"@type":"SearchAction","target":{"@type":"EntryPoint","urlTemplate":"https:\/\/econtribute.de\/de\/?s={search_term_string}"},"query-input":{"@type":"PropertyValueSpecification","valueRequired":true,"valueName":"search_term_string"}}],"inLanguage":"de"},{"@type":"Person","@id":"https:\/\/econtribute.de\/de\/#\/schema\/person\/af8a263b2ef7cc339b3a97694e426870","name":"eco001-d","image":{"@type":"ImageObject","inLanguage":"de","@id":"https:\/\/secure.gravatar.com\/avatar\/ce30d729812cc410f41395f4b4c19febbdc1fbad2d9801a5643f7173e0a600cf?s=96&d=mm&r=g","url":"https:\/\/secure.gravatar.com\/avatar\/ce30d729812cc410f41395f4b4c19febbdc1fbad2d9801a5643f7173e0a600cf?s=96&d=mm&r=g","contentUrl":"https:\/\/secure.gravatar.com\/avatar\/ce30d729812cc410f41395f4b4c19febbdc1fbad2d9801a5643f7173e0a600cf?s=96&d=mm&r=g","caption":"eco001-d"}}]}},"_links":{"self":[{"href":"https:\/\/econtribute.de\/de\/wp-json\/wp\/v2\/posts\/3444","targetHints":{"allow":["GET"]}}],"collection":[{"href":"https:\/\/econtribute.de\/de\/wp-json\/wp\/v2\/posts"}],"about":[{"href":"https:\/\/econtribute.de\/de\/wp-json\/wp\/v2\/types\/post"}],"author":[{"embeddable":true,"href":"https:\/\/econtribute.de\/de\/wp-json\/wp\/v2\/users\/3"}],"replies":[{"embeddable":true,"href":"https:\/\/econtribute.de\/de\/wp-json\/wp\/v2\/comments?post=3444"}],"version-history":[{"count":5,"href":"https:\/\/econtribute.de\/de\/wp-json\/wp\/v2\/posts\/3444\/revisions"}],"predecessor-version":[{"id":8156,"href":"https:\/\/econtribute.de\/de\/wp-json\/wp\/v2\/posts\/3444\/revisions\/8156"}],"wp:featuredmedia":[{"embeddable":true,"href":"https:\/\/econtribute.de\/de\/wp-json\/wp\/v2\/media\/3445"}],"wp:attachment":[{"href":"https:\/\/econtribute.de\/de\/wp-json\/wp\/v2\/media?parent=3444"}],"wp:term":[{"taxonomy":"category","embeddable":true,"href":"https:\/\/econtribute.de\/de\/wp-json\/wp\/v2\/categories?post=3444"},{"taxonomy":"post_tag","embeddable":true,"href":"https:\/\/econtribute.de\/de\/wp-json\/wp\/v2\/tags?post=3444"}],"curies":[{"name":"wp","href":"https:\/\/api.w.org\/{rel}","templated":true}]}}