{"id":6148,"date":"2021-07-16T10:51:53","date_gmt":"2021-07-16T08:51:53","guid":{"rendered":"https:\/\/econtribute.de\/?p=6148"},"modified":"2022-09-27T10:04:03","modified_gmt":"2022-09-27T08:04:03","slug":"econtribute-auf-die-ohren-neue-folge-des-econtribute-wirtschaftspodcasts-ist-online","status":"publish","type":"post","link":"https:\/\/econtribute.de\/de\/econtribute-auf-die-ohren-neue-folge-des-econtribute-wirtschaftspodcasts-ist-online\/","title":{"rendered":"ECONtribute auf die Ohren: Neue Folge des ECONtribute Wirtschaftspodcasts ist online"},"content":{"rendered":"<div class=\"wpb-content-wrapper\"><p>[vc_row][vc_column][vc_column_text]Eine neue Folge der zweiten Staffel des <strong>ECONtribute Wirtschaftspodcasts <\/strong>ist online<strong>. <\/strong>Jetzt erstmals im <a href=\"https:\/\/econtribute.de\/de\/newsroom\/#podcast\"><strong>ECONtribute Web-Player<\/strong><\/a> und bei allen gro\u00dfen Podcast Plattformen h\u00f6ren.<\/p>\n<p>Eine neue Folge der <strong>#Bildung<\/strong> Staffel des <strong>ECONtribute Wirtschaftspodcasts<\/strong> mit <a class=\"btn btn-link btn-link--yellow\" href=\"https:\/\/econtribute.de\/people\/prof-dr-clemens-kroneberg\/\">Clemens Kroneberg<\/a>, Professor bei ECONtribute an der Universit\u00e4t zu K\u00f6ln, ist online. Funktioniert Integration in deutschen Schulen? Sollte das mehrgliedrige System f\u00fcr mehr Bildungsgerechtigkeit abgeschafft werden? Und wie entstehen soziale Netzwerke in Schulen? Der \u00d6konom erforscht im Rahmen seines SOCIALBOND-Projekts soziale Netzwerke von Jugendlichen und Integration in Schulen. Im Podcast spricht er dar\u00fcber, welche Rolle die ethnische Herkunft beim Entstehen von Freundschaften spielt, wann sich Jugendliche als Deutsche identifizieren und ob fl\u00e4chendeckende Gesamtschulen unser Bildungssystem integrativer machen w\u00fcrden. In dieser Folge geht es um soziale Netzwerke, Integration und Identit\u00e4t.<\/p>\n<p>In monatlichen Folgen von ca. 30 Minuten diskutiert Carolin Jackermeier, PR Manager bei ECONtribute, die spannendsten Themen der ECONtribute-Forschung und gibt Einblick in die Arbeit des Exzellenzclusters. Die zweite Staffel widmet sich dem Schwerpunkt Bildung. Wie erreichen wir Chancengleichheit und funktionierende Integration an deutschen Schulen? Wie wird sich die Corona-Pandemie langfristig auf Bildung auswirken? Und was erhoffen sich Studierende eigentlich von ihrem Abschluss? Staffel 2 des ECONtribute Wirtschaftspodcasts liefert die Antworten.<\/p>\n<p>Folgen Sie uns auf Twitter und Instagram, um keine News zu neuen Folgen zu verpassen.[\/vc_column_text][\/vc_column][\/vc_row][vc_row][vc_column][vc_empty_space height=&#8220;50px&#8220;][\/vc_column][\/vc_row][vc_row][vc_column width=&#8220;1\/6&#8243;][dhsv_vc_button title=&#8220;Twitter&#8220; link=&#8220;url:https%3A%2F%2Ftwitter.com%2Fecon_tribute%3Flang%3Dde%20|target:_blank&#8220; type=&#8220;twitter-button&#8220;][\/vc_column][vc_column width=&#8220;1\/6&#8243;][dhsv_vc_button title=&#8220;Instagram&#8220; link=&#8220;url:https%3A%2F%2Fwww.instagram.com%2Fecon_tribute%2F%20|target:_blank&#8220; type=&#8220;link btn-link&#8211;gray&#8220;][\/vc_column][vc_column width=&#8220;1\/6&#8243;][dhsv_vc_button title=&#8220;Spotify&#8220; link=&#8220;url:https%3A%2F%2Fopen.spotify.com%2Fshow%2F4lrcQsKpb6HHa4IWDJeKg1%3Fsi%3DBTfGhzsUT5mL8kY0fPyGLQ%26nd%3D1%20|target:_blank&#8220; type=&#8220;link&#8220;][\/vc_column][vc_column width=&#8220;1\/6&#8243;][dhsv_vc_button title=&#8220;Webplayer&#8220; link=&#8220;url:https%3A%2F%2Fecontribute.de%2Fde%2Fnewsroom%2F%23podcast&#8220;][\/vc_column][\/vc_row]<\/p>\n<\/div>","protected":false},"excerpt":{"rendered":"<p>[vc_row][vc_column][vc_column_text]Eine neue Folge der zweiten Staffel des ECONtribute Wirtschaftspodcasts ist online. Jetzt erstmals im ECONtribute Web-Player und bei allen gro\u00dfen Podcast Plattformen h\u00f6ren. Eine neue Folge der #Bildung Staffel des ECONtribute Wirtschaftspodcasts mit Clemens Kroneberg, Professor bei ECONtribute an der Universit\u00e4t zu K\u00f6ln, ist online. Funktioniert Integration in deutschen Schulen? Sollte das mehrgliedrige System f\u00fcr &hellip; <a href=\"https:\/\/econtribute.de\/de\/econtribute-auf-die-ohren-neue-folge-des-econtribute-wirtschaftspodcasts-ist-online\/\">Continued<\/a><\/p>\n","protected":false},"author":12,"featured_media":5822,"comment_status":"closed","ping_status":"closed","sticky":false,"template":"","format":"standard","meta":{"_acf_changed":false,"footnotes":""},"categories":[163],"tags":[],"class_list":["post-6148","post","type-post","status-publish","format-standard","has-post-thumbnail","hentry","category-news-2"],"acf":[],"yoast_head":"<!-- This site is optimized with the Yoast SEO plugin v28.3 - https:\/\/yoast.com\/product\/yoast-seo-wordpress\/ -->\n<title>ECONtribute auf die Ohren: Neue Folge des ECONtribute Wirtschaftspodcasts ist online - Econtribute<\/title>\n<meta name=\"robots\" content=\"index, follow, max-snippet:-1, max-image-preview:large, max-video-preview:-1\" \/>\n<link rel=\"canonical\" href=\"https:\/\/econtribute.de\/de\/econtribute-auf-die-ohren-neue-folge-des-econtribute-wirtschaftspodcasts-ist-online\/\" \/>\n<meta property=\"og:locale\" content=\"de_DE\" \/>\n<meta property=\"og:type\" content=\"article\" \/>\n<meta property=\"og:title\" content=\"ECONtribute auf die Ohren: Neue Folge des ECONtribute Wirtschaftspodcasts ist online - Econtribute\" \/>\n<meta property=\"og:description\" content=\"[vc_row][vc_column][vc_column_text]Eine neue Folge der zweiten Staffel des ECONtribute Wirtschaftspodcasts ist online. Jetzt erstmals im ECONtribute Web-Player und bei allen gro\u00dfen Podcast Plattformen h\u00f6ren. Eine neue Folge der #Bildung Staffel des ECONtribute Wirtschaftspodcasts mit Clemens Kroneberg, Professor bei ECONtribute an der Universit\u00e4t zu K\u00f6ln, ist online. Funktioniert Integration in deutschen Schulen? Sollte das mehrgliedrige System f\u00fcr &hellip; Continued\" \/>\n<meta property=\"og:url\" content=\"https:\/\/econtribute.de\/de\/econtribute-auf-die-ohren-neue-folge-des-econtribute-wirtschaftspodcasts-ist-online\/\" \/>\n<meta property=\"og:site_name\" content=\"Econtribute\" \/>\n<meta property=\"article:published_time\" content=\"2021-07-16T08:51:53+00:00\" \/>\n<meta property=\"article:modified_time\" content=\"2022-09-27T08:04:03+00:00\" \/>\n<meta property=\"og:image\" content=\"https:\/\/econtribute.de\/wp-content\/uploads\/News_ECONtribute_Podcast_petrol-3.png\" \/>\n\t<meta property=\"og:image:width\" content=\"1440\" \/>\n\t<meta property=\"og:image:height\" content=\"1440\" \/>\n\t<meta property=\"og:image:type\" content=\"image\/png\" \/>\n<meta name=\"author\" content=\"antonia.bleser\" \/>\n<meta name=\"twitter:card\" content=\"summary_large_image\" \/>\n<meta name=\"twitter:label1\" content=\"Verfasst von\" \/>\n\t<meta name=\"twitter:data1\" content=\"antonia.bleser\" \/>\n\t<meta name=\"twitter:label2\" content=\"Gesch\u00e4tzte Lesezeit\" \/>\n\t<meta name=\"twitter:data2\" content=\"1\u00a0Minute\" \/>\n<script type=\"application\/ld+json\" class=\"yoast-schema-graph\">{\"@context\":\"https:\\\/\\\/schema.org\",\"@graph\":[{\"@type\":\"Article\",\"@id\":\"https:\\\/\\\/econtribute.de\\\/de\\\/econtribute-auf-die-ohren-neue-folge-des-econtribute-wirtschaftspodcasts-ist-online\\\/#article\",\"isPartOf\":{\"@id\":\"https:\\\/\\\/econtribute.de\\\/de\\\/econtribute-auf-die-ohren-neue-folge-des-econtribute-wirtschaftspodcasts-ist-online\\\/\"},\"author\":{\"name\":\"antonia.bleser\",\"@id\":\"https:\\\/\\\/econtribute.de\\\/de\\\/#\\\/schema\\\/person\\\/40897b697222e04d459bd3dab7533c3c\"},\"headline\":\"ECONtribute auf die Ohren: Neue Folge des ECONtribute Wirtschaftspodcasts ist online\",\"datePublished\":\"2021-07-16T08:51:53+00:00\",\"dateModified\":\"2022-09-27T08:04:03+00:00\",\"mainEntityOfPage\":{\"@id\":\"https:\\\/\\\/econtribute.de\\\/de\\\/econtribute-auf-die-ohren-neue-folge-des-econtribute-wirtschaftspodcasts-ist-online\\\/\"},\"wordCount\":363,\"image\":{\"@id\":\"https:\\\/\\\/econtribute.de\\\/de\\\/econtribute-auf-die-ohren-neue-folge-des-econtribute-wirtschaftspodcasts-ist-online\\\/#primaryimage\"},\"thumbnailUrl\":\"https:\\\/\\\/econtribute.de\\\/wp-content\\\/uploads\\\/News_ECONtribute_Podcast_petrol-3.png\",\"articleSection\":[\"News\"],\"inLanguage\":\"de\"},{\"@type\":\"WebPage\",\"@id\":\"https:\\\/\\\/econtribute.de\\\/de\\\/econtribute-auf-die-ohren-neue-folge-des-econtribute-wirtschaftspodcasts-ist-online\\\/\",\"url\":\"https:\\\/\\\/econtribute.de\\\/de\\\/econtribute-auf-die-ohren-neue-folge-des-econtribute-wirtschaftspodcasts-ist-online\\\/\",\"name\":\"ECONtribute auf die Ohren: Neue Folge des ECONtribute Wirtschaftspodcasts ist online - Econtribute\",\"isPartOf\":{\"@id\":\"https:\\\/\\\/econtribute.de\\\/de\\\/#website\"},\"primaryImageOfPage\":{\"@id\":\"https:\\\/\\\/econtribute.de\\\/de\\\/econtribute-auf-die-ohren-neue-folge-des-econtribute-wirtschaftspodcasts-ist-online\\\/#primaryimage\"},\"image\":{\"@id\":\"https:\\\/\\\/econtribute.de\\\/de\\\/econtribute-auf-die-ohren-neue-folge-des-econtribute-wirtschaftspodcasts-ist-online\\\/#primaryimage\"},\"thumbnailUrl\":\"https:\\\/\\\/econtribute.de\\\/wp-content\\\/uploads\\\/News_ECONtribute_Podcast_petrol-3.png\",\"datePublished\":\"2021-07-16T08:51:53+00:00\",\"dateModified\":\"2022-09-27T08:04:03+00:00\",\"author\":{\"@id\":\"https:\\\/\\\/econtribute.de\\\/de\\\/#\\\/schema\\\/person\\\/40897b697222e04d459bd3dab7533c3c\"},\"breadcrumb\":{\"@id\":\"https:\\\/\\\/econtribute.de\\\/de\\\/econtribute-auf-die-ohren-neue-folge-des-econtribute-wirtschaftspodcasts-ist-online\\\/#breadcrumb\"},\"inLanguage\":\"de\",\"potentialAction\":[{\"@type\":\"ReadAction\",\"target\":[\"https:\\\/\\\/econtribute.de\\\/de\\\/econtribute-auf-die-ohren-neue-folge-des-econtribute-wirtschaftspodcasts-ist-online\\\/\"]}]},{\"@type\":\"ImageObject\",\"inLanguage\":\"de\",\"@id\":\"https:\\\/\\\/econtribute.de\\\/de\\\/econtribute-auf-die-ohren-neue-folge-des-econtribute-wirtschaftspodcasts-ist-online\\\/#primaryimage\",\"url\":\"https:\\\/\\\/econtribute.de\\\/wp-content\\\/uploads\\\/News_ECONtribute_Podcast_petrol-3.png\",\"contentUrl\":\"https:\\\/\\\/econtribute.de\\\/wp-content\\\/uploads\\\/News_ECONtribute_Podcast_petrol-3.png\",\"width\":1440,\"height\":1440},{\"@type\":\"BreadcrumbList\",\"@id\":\"https:\\\/\\\/econtribute.de\\\/de\\\/econtribute-auf-die-ohren-neue-folge-des-econtribute-wirtschaftspodcasts-ist-online\\\/#breadcrumb\",\"itemListElement\":[{\"@type\":\"ListItem\",\"position\":1,\"name\":\"Home\",\"item\":\"https:\\\/\\\/econtribute.de\\\/de\\\/\"},{\"@type\":\"ListItem\",\"position\":2,\"name\":\"ECONtribute auf die Ohren: Neue Folge des ECONtribute Wirtschaftspodcasts ist online\"}]},{\"@type\":\"WebSite\",\"@id\":\"https:\\\/\\\/econtribute.de\\\/de\\\/#website\",\"url\":\"https:\\\/\\\/econtribute.de\\\/de\\\/\",\"name\":\"Econtribute\",\"description\":\"\",\"potentialAction\":[{\"@type\":\"SearchAction\",\"target\":{\"@type\":\"EntryPoint\",\"urlTemplate\":\"https:\\\/\\\/econtribute.de\\\/de\\\/?s={search_term_string}\"},\"query-input\":{\"@type\":\"PropertyValueSpecification\",\"valueRequired\":true,\"valueName\":\"search_term_string\"}}],\"inLanguage\":\"de\"},{\"@type\":\"Person\",\"@id\":\"https:\\\/\\\/econtribute.de\\\/de\\\/#\\\/schema\\\/person\\\/40897b697222e04d459bd3dab7533c3c\",\"name\":\"antonia.bleser\",\"image\":{\"@type\":\"ImageObject\",\"inLanguage\":\"de\",\"@id\":\"https:\\\/\\\/secure.gravatar.com\\\/avatar\\\/e04a11207e5180040437037821ed0c051718fdcffe43675627797052a67f44b8?s=96&d=mm&r=g\",\"url\":\"https:\\\/\\\/secure.gravatar.com\\\/avatar\\\/e04a11207e5180040437037821ed0c051718fdcffe43675627797052a67f44b8?s=96&d=mm&r=g\",\"contentUrl\":\"https:\\\/\\\/secure.gravatar.com\\\/avatar\\\/e04a11207e5180040437037821ed0c051718fdcffe43675627797052a67f44b8?s=96&d=mm&r=g\",\"caption\":\"antonia.bleser\"}}]}<\/script>\n<!-- \/ Yoast SEO plugin. -->","yoast_head_json":{"title":"ECONtribute auf die Ohren: Neue Folge des ECONtribute Wirtschaftspodcasts ist online - Econtribute","robots":{"index":"index","follow":"follow","max-snippet":"max-snippet:-1","max-image-preview":"max-image-preview:large","max-video-preview":"max-video-preview:-1"},"canonical":"https:\/\/econtribute.de\/de\/econtribute-auf-die-ohren-neue-folge-des-econtribute-wirtschaftspodcasts-ist-online\/","og_locale":"de_DE","og_type":"article","og_title":"ECONtribute auf die Ohren: Neue Folge des ECONtribute Wirtschaftspodcasts ist online - Econtribute","og_description":"[vc_row][vc_column][vc_column_text]Eine neue Folge der zweiten Staffel des ECONtribute Wirtschaftspodcasts ist online. Jetzt erstmals im ECONtribute Web-Player und bei allen gro\u00dfen Podcast Plattformen h\u00f6ren. Eine neue Folge der #Bildung Staffel des ECONtribute Wirtschaftspodcasts mit Clemens Kroneberg, Professor bei ECONtribute an der Universit\u00e4t zu K\u00f6ln, ist online. Funktioniert Integration in deutschen Schulen? Sollte das mehrgliedrige System f\u00fcr &hellip; Continued","og_url":"https:\/\/econtribute.de\/de\/econtribute-auf-die-ohren-neue-folge-des-econtribute-wirtschaftspodcasts-ist-online\/","og_site_name":"Econtribute","article_published_time":"2021-07-16T08:51:53+00:00","article_modified_time":"2022-09-27T08:04:03+00:00","og_image":[{"width":1440,"height":1440,"url":"https:\/\/econtribute.de\/wp-content\/uploads\/News_ECONtribute_Podcast_petrol-3.png","type":"image\/png"}],"author":"antonia.bleser","twitter_card":"summary_large_image","twitter_misc":{"Verfasst von":"antonia.bleser","Gesch\u00e4tzte Lesezeit":"1\u00a0Minute"},"schema":{"@context":"https:\/\/schema.org","@graph":[{"@type":"Article","@id":"https:\/\/econtribute.de\/de\/econtribute-auf-die-ohren-neue-folge-des-econtribute-wirtschaftspodcasts-ist-online\/#article","isPartOf":{"@id":"https:\/\/econtribute.de\/de\/econtribute-auf-die-ohren-neue-folge-des-econtribute-wirtschaftspodcasts-ist-online\/"},"author":{"name":"antonia.bleser","@id":"https:\/\/econtribute.de\/de\/#\/schema\/person\/40897b697222e04d459bd3dab7533c3c"},"headline":"ECONtribute auf die Ohren: Neue Folge des ECONtribute Wirtschaftspodcasts ist online","datePublished":"2021-07-16T08:51:53+00:00","dateModified":"2022-09-27T08:04:03+00:00","mainEntityOfPage":{"@id":"https:\/\/econtribute.de\/de\/econtribute-auf-die-ohren-neue-folge-des-econtribute-wirtschaftspodcasts-ist-online\/"},"wordCount":363,"image":{"@id":"https:\/\/econtribute.de\/de\/econtribute-auf-die-ohren-neue-folge-des-econtribute-wirtschaftspodcasts-ist-online\/#primaryimage"},"thumbnailUrl":"https:\/\/econtribute.de\/wp-content\/uploads\/News_ECONtribute_Podcast_petrol-3.png","articleSection":["News"],"inLanguage":"de"},{"@type":"WebPage","@id":"https:\/\/econtribute.de\/de\/econtribute-auf-die-ohren-neue-folge-des-econtribute-wirtschaftspodcasts-ist-online\/","url":"https:\/\/econtribute.de\/de\/econtribute-auf-die-ohren-neue-folge-des-econtribute-wirtschaftspodcasts-ist-online\/","name":"ECONtribute auf die Ohren: Neue Folge des ECONtribute Wirtschaftspodcasts ist online - Econtribute","isPartOf":{"@id":"https:\/\/econtribute.de\/de\/#website"},"primaryImageOfPage":{"@id":"https:\/\/econtribute.de\/de\/econtribute-auf-die-ohren-neue-folge-des-econtribute-wirtschaftspodcasts-ist-online\/#primaryimage"},"image":{"@id":"https:\/\/econtribute.de\/de\/econtribute-auf-die-ohren-neue-folge-des-econtribute-wirtschaftspodcasts-ist-online\/#primaryimage"},"thumbnailUrl":"https:\/\/econtribute.de\/wp-content\/uploads\/News_ECONtribute_Podcast_petrol-3.png","datePublished":"2021-07-16T08:51:53+00:00","dateModified":"2022-09-27T08:04:03+00:00","author":{"@id":"https:\/\/econtribute.de\/de\/#\/schema\/person\/40897b697222e04d459bd3dab7533c3c"},"breadcrumb":{"@id":"https:\/\/econtribute.de\/de\/econtribute-auf-die-ohren-neue-folge-des-econtribute-wirtschaftspodcasts-ist-online\/#breadcrumb"},"inLanguage":"de","potentialAction":[{"@type":"ReadAction","target":["https:\/\/econtribute.de\/de\/econtribute-auf-die-ohren-neue-folge-des-econtribute-wirtschaftspodcasts-ist-online\/"]}]},{"@type":"ImageObject","inLanguage":"de","@id":"https:\/\/econtribute.de\/de\/econtribute-auf-die-ohren-neue-folge-des-econtribute-wirtschaftspodcasts-ist-online\/#primaryimage","url":"https:\/\/econtribute.de\/wp-content\/uploads\/News_ECONtribute_Podcast_petrol-3.png","contentUrl":"https:\/\/econtribute.de\/wp-content\/uploads\/News_ECONtribute_Podcast_petrol-3.png","width":1440,"height":1440},{"@type":"BreadcrumbList","@id":"https:\/\/econtribute.de\/de\/econtribute-auf-die-ohren-neue-folge-des-econtribute-wirtschaftspodcasts-ist-online\/#breadcrumb","itemListElement":[{"@type":"ListItem","position":1,"name":"Home","item":"https:\/\/econtribute.de\/de\/"},{"@type":"ListItem","position":2,"name":"ECONtribute auf die Ohren: Neue Folge des ECONtribute Wirtschaftspodcasts ist online"}]},{"@type":"WebSite","@id":"https:\/\/econtribute.de\/de\/#website","url":"https:\/\/econtribute.de\/de\/","name":"Econtribute","description":"","potentialAction":[{"@type":"SearchAction","target":{"@type":"EntryPoint","urlTemplate":"https:\/\/econtribute.de\/de\/?s={search_term_string}"},"query-input":{"@type":"PropertyValueSpecification","valueRequired":true,"valueName":"search_term_string"}}],"inLanguage":"de"},{"@type":"Person","@id":"https:\/\/econtribute.de\/de\/#\/schema\/person\/40897b697222e04d459bd3dab7533c3c","name":"antonia.bleser","image":{"@type":"ImageObject","inLanguage":"de","@id":"https:\/\/secure.gravatar.com\/avatar\/e04a11207e5180040437037821ed0c051718fdcffe43675627797052a67f44b8?s=96&d=mm&r=g","url":"https:\/\/secure.gravatar.com\/avatar\/e04a11207e5180040437037821ed0c051718fdcffe43675627797052a67f44b8?s=96&d=mm&r=g","contentUrl":"https:\/\/secure.gravatar.com\/avatar\/e04a11207e5180040437037821ed0c051718fdcffe43675627797052a67f44b8?s=96&d=mm&r=g","caption":"antonia.bleser"}}]}},"_links":{"self":[{"href":"https:\/\/econtribute.de\/de\/wp-json\/wp\/v2\/posts\/6148","targetHints":{"allow":["GET"]}}],"collection":[{"href":"https:\/\/econtribute.de\/de\/wp-json\/wp\/v2\/posts"}],"about":[{"href":"https:\/\/econtribute.de\/de\/wp-json\/wp\/v2\/types\/post"}],"author":[{"embeddable":true,"href":"https:\/\/econtribute.de\/de\/wp-json\/wp\/v2\/users\/12"}],"replies":[{"embeddable":true,"href":"https:\/\/econtribute.de\/de\/wp-json\/wp\/v2\/comments?post=6148"}],"version-history":[{"count":4,"href":"https:\/\/econtribute.de\/de\/wp-json\/wp\/v2\/posts\/6148\/revisions"}],"predecessor-version":[{"id":9775,"href":"https:\/\/econtribute.de\/de\/wp-json\/wp\/v2\/posts\/6148\/revisions\/9775"}],"wp:featuredmedia":[{"embeddable":true,"href":"https:\/\/econtribute.de\/de\/wp-json\/wp\/v2\/media\/5822"}],"wp:attachment":[{"href":"https:\/\/econtribute.de\/de\/wp-json\/wp\/v2\/media?parent=6148"}],"wp:term":[{"taxonomy":"category","embeddable":true,"href":"https:\/\/econtribute.de\/de\/wp-json\/wp\/v2\/categories?post=6148"},{"taxonomy":"post_tag","embeddable":true,"href":"https:\/\/econtribute.de\/de\/wp-json\/wp\/v2\/tags?post=6148"}],"curies":[{"name":"wp","href":"https:\/\/api.w.org\/{rel}","templated":true}]}}